{"id":4364,"date":"2026-02-11T21:41:00","date_gmt":"2026-02-11T21:41:00","guid":{"rendered":"https:\/\/spejchar-breznice.cz\/?p=4364"},"modified":"2026-02-12T21:46:56","modified_gmt":"2026-02-12T21:46:56","slug":"valentynsky-vecer-s-kytarou-14-02-2026","status":"publish","type":"post","link":"https:\/\/spejchar-breznice.cz\/?p=4364","title":{"rendered":"Valent\u00fdnsk\u00fd ve\u010der s kytarou 14.02.2026"},"content":{"rendered":"\n<p>Ji\u017e v sobotu od 19:00 spole\u010dn\u011b s valent\u00fdnsk\u00fdm menu.<\/p>\n","protected":false},"excerpt":{"rendered":"<p>Ji\u017e v sobotu od 19:00 spole\u010dn\u011b s valent\u00fdnsk\u00fdm menu.<\/p>\n","protected":false},"author":2,"featured_media":4366,"comment_status":"closed","ping_status":"closed","sticky":false,"template":"","format":"standard","meta":{"footnotes":""},"categories":[9],"tags":[],"class_list":["post-4364","post","type-post","status-publish","format-standard","has-post-thumbnail","hentry","category-akce","entry","has-media"],"_links":{"self":[{"href":"https:\/\/spejchar-breznice.cz\/index.php?rest_route=\/wp\/v2\/posts\/4364","targetHints":{"allow":["GET"]}}],"collection":[{"href":"https:\/\/spejchar-breznice.cz\/index.php?rest_route=\/wp\/v2\/posts"}],"about":[{"href":"https:\/\/spejchar-breznice.cz\/index.php?rest_route=\/wp\/v2\/types\/post"}],"author":[{"embeddable":true,"href":"https:\/\/spejchar-breznice.cz\/index.php?rest_route=\/wp\/v2\/users\/2"}],"replies":[{"embeddable":true,"href":"https:\/\/spejchar-breznice.cz\/index.php?rest_route=%2Fwp%2Fv2%2Fcomments&post=4364"}],"version-history":[{"count":1,"href":"https:\/\/spejchar-breznice.cz\/index.php?rest_route=\/wp\/v2\/posts\/4364\/revisions"}],"predecessor-version":[{"id":4367,"href":"https:\/\/spejchar-breznice.cz\/index.php?rest_route=\/wp\/v2\/posts\/4364\/revisions\/4367"}],"wp:featuredmedia":[{"embeddable":true,"href":"https:\/\/spejchar-breznice.cz\/index.php?rest_route=\/wp\/v2\/media\/4366"}],"wp:attachment":[{"href":"https:\/\/spejchar-breznice.cz\/index.php?rest_route=%2Fwp%2Fv2%2Fmedia&parent=4364"}],"wp:term":[{"taxonomy":"category","embeddable":true,"href":"https:\/\/spejchar-breznice.cz\/index.php?rest_route=%2Fwp%2Fv2%2Fcategories&post=4364"},{"taxonomy":"post_tag","embeddable":true,"href":"https:\/\/spejchar-breznice.cz\/index.php?rest_route=%2Fwp%2Fv2%2Ftags&post=4364"}],"curies":[{"name":"wp","href":"https:\/\/api.w.org\/{rel}","templated":true}]}}